{"id":1886,"date":"2018-12-28T20:28:39","date_gmt":"2018-12-28T18:28:39","guid":{"rendered":"http:\/\/www.liegevelo.de\/?p=1886"},"modified":"2018-12-28T21:38:17","modified_gmt":"2018-12-28T19:38:17","slug":"wie-ich-die-herzallerliebste-zum-liegeradfahren-gebracht-habe","status":"publish","type":"post","link":"https:\/\/www.liegevelo.de\/?p=1886","title":{"rendered":"Wie ich die Herzallerliebste zum Liegeradfahren gebracht habe"},"content":{"rendered":"\n<figure class=\"wp-block-image\"><img loading=\"lazy\" decoding=\"async\" width=\"644\" height=\"483\" src=\"http:\/\/www.liegevelo.de\/wp-content\/uploads\/2018\/12\/IMG_0013-644x483.jpg\" alt=\"Die Herzallerliebste auf einem Hase Pino Stufentandem schaut von \u00d6tlingen in Richtung Basel (Bild: Klaus Dapp)\" class=\"wp-image-1890\" srcset=\"https:\/\/www.liegevelo.de\/wp-content\/uploads\/2018\/12\/IMG_0013-644x483.jpg 644w, https:\/\/www.liegevelo.de\/wp-content\/uploads\/2018\/12\/IMG_0013-300x225.jpg 300w, https:\/\/www.liegevelo.de\/wp-content\/uploads\/2018\/12\/IMG_0013-768x576.jpg 768w, https:\/\/www.liegevelo.de\/wp-content\/uploads\/2018\/12\/IMG_0013-624x468.jpg 624w, https:\/\/www.liegevelo.de\/wp-content\/uploads\/2018\/12\/IMG_0013.jpg 1024w\" sizes=\"auto, (max-width: 644px) 100vw, 644px\" \/><figcaption>Die Herzallerliebste auf einem Hase Pino Stufentandem schaut von \u00d6tlingen in Richtung Basel (Bild: Klaus Dapp)<\/figcaption><\/figure>\n\n\n\n<p class=\"wp-block-paragraph\">Schon seit l\u00e4ngerem habe ich aufgegeben, die Herzallerliebste vom Liegeradfahren zu \u00fcberzeugen. Sie konnte ja bei jeder Tour die Vor- und (wenigen) Nachteile gut sehen.<\/p>\n\n\n\n<p class=\"wp-block-paragraph\">Nach dem <a rel=\"noreferrer noopener\" aria-label=\"schweren Unfall (\u00f6ffnet in neuem Tab)\" href=\"https:\/\/www.liegevelo.de\/?p=1878\" target=\"_blank\">schweren Unfall<\/a>  der Herzallerliebsten war lange nicht klar, ob sie jemals wieder Radfahren kann &#8211; und das war eher eine der kleineren Sorgen. Nach einer zweiten Operation hat sie gl\u00fccklicherweise gro\u00dfe Fortschritte gemacht. Drei Wochen nach der Operation hat die \u00c4rztin die Zustimmung zu einer Tandemfahrt gegeben und wir haben uns ein Pino Stufentandem der Firma Hase beim Radladen <a rel=\"noreferrer noopener\" aria-label=\"Einzelrad  (\u00f6ffnet in neuem Tab)\" href=\"http:\/\/www.einzelrad.de\/\" target=\"_blank\">Einzelrad<\/a> ausgeliehen. Zu unserer gro\u00dfen Freude hat sie die ca. 5 Kilometer lange Testfahrt gut \u00fcberstanden. Zwei Wochen sp\u00e4ter haben wir uns eine Version mit elektrischer Unterst\u00fctzung ausgeliehen. Dankenswerter weise hat uns der Eigent\u00fcmer von Einzelrad, Herr Hof, daf\u00fcr sein privates Familienrad zur Verf\u00fcgung gestellt.  Damit sind wir durch die Weinberge auf den T\u00fcllinger Berg nach \u00d6tlingen bei Weil am Rhein gefahren. Nach einer kurzen Pause machten wir dann noch eine gr\u00f6\u00dfere Runde \u00fcber L\u00f6rrach zur\u00fcck nach Haltingen.<\/p>\n\n\n\n<p class=\"wp-block-paragraph\">Danach war klar, mit elektrischem R\u00fcckenwind macht das Fahren noch mehr Spa\u00df. Deshalb haben wir ein Pino mit E-Unterst\u00fctzung bestellt. Bis das geliefert wird, haben wir das Ausstellungsrad ausgeliehen und fahren am therapiefreien Wochenende von der Reha in die Wohnung der Herzallerliebsten in Basel und machen kleine Ausfl\u00fcge. Damit sind wir wieder velomobil. <\/p>\n\n\n\n<p class=\"wp-block-paragraph\">Das Tandemfahren klappt erstaunlich gut und die Herzallerliebste hat wirklich viel Vertrauen in meine Fahrk\u00fcnste. Das Pino ist durch die Stufenform sehr gut f\u00fcr die Kommunikation, da unsere K\u00f6pfe nah zusammen sind. So regt sie sich nur ab und zu \u00fcber Autofahrer\/-innen auf, die uns zu eng \u00fcberholen, uns die Vorfahrt nehmen oder uns sonstwie zu nahe kommen. Inzwischen haben wir auch spezielle Winter-Radschuhe f\u00fcr sie gekauft. Denn f\u00fcrs Liegeradfahren braucht sie Klickpedale und ihre Radschuhe werden auf dem Liegerad sehr kalt. Die Investition hat sich gelohnt, sie klagt nur selten \u00fcber kalte F\u00fc\u00dfe.<\/p>\n\n\n\n<p class=\"wp-block-paragraph\">Der Anlass war traurig, aber das Tandemfahren macht uns Spa\u00df. Jetzt brauche ich unter der Woche &#8222;nur noch&#8220; die Disziplin, nach der Arbeit Liegerad zu fahren.  Leider hat meine Energie dazu noch nicht gereicht &#8211; aber vielleicht kommt das noch, wenn die Tage wieder l\u00e4nger werden.<\/p>\n\n\n\n<p class=\"wp-block-paragraph\">F\u00fcr das neue Jahr habe ich mir nicht nur das Liegeradfahren vorgenommen. Ich m\u00f6chte auch wieder Bloggen &#8211; dann eben auch \u00fcber das Pino. <br><\/p>\n","protected":false},"excerpt":{"rendered":"<p>Schon seit l\u00e4ngerem habe ich aufgegeben, die Herzallerliebste vom Liegeradfahren zu \u00fcberzeugen. Sie konnte ja bei jeder Tour die Vor- und (wenigen) Nachteile gut sehen. Nach dem schweren Unfall der Herzallerliebsten war lange nicht klar, ob sie jemals wieder Radfahren kann &#8211; und das war eher eine der kleineren Sorgen. Nach einer zweiten Operation hat [&hellip;]<\/p>\n","protected":false},"author":1,"featured_media":0,"comment_status":"open","ping_status":"open","sticky":false,"template":"","format":"standard","meta":{"footnotes":""},"categories":[1,17],"tags":[],"class_list":["post-1886","post","type-post","status-publish","format-standard","hentry","category-allgemein","category-hase-pino"],"_links":{"self":[{"href":"https:\/\/www.liegevelo.de\/index.php?rest_route=\/wp\/v2\/posts\/1886","targetHints":{"allow":["GET"]}}],"collection":[{"href":"https:\/\/www.liegevelo.de\/index.php?rest_route=\/wp\/v2\/posts"}],"about":[{"href":"https:\/\/www.liegevelo.de\/index.php?rest_route=\/wp\/v2\/types\/post"}],"author":[{"embeddable":true,"href":"https:\/\/www.liegevelo.de\/index.php?rest_route=\/wp\/v2\/users\/1"}],"replies":[{"embeddable":true,"href":"https:\/\/www.liegevelo.de\/index.php?rest_route=%2Fwp%2Fv2%2Fcomments&post=1886"}],"version-history":[{"count":3,"href":"https:\/\/www.liegevelo.de\/index.php?rest_route=\/wp\/v2\/posts\/1886\/revisions"}],"predecessor-version":[{"id":1891,"href":"https:\/\/www.liegevelo.de\/index.php?rest_route=\/wp\/v2\/posts\/1886\/revisions\/1891"}],"wp:attachment":[{"href":"https:\/\/www.liegevelo.de\/index.php?rest_route=%2Fwp%2Fv2%2Fmedia&parent=1886"}],"wp:term":[{"taxonomy":"category","embeddable":true,"href":"https:\/\/www.liegevelo.de\/index.php?rest_route=%2Fwp%2Fv2%2Fcategories&post=1886"},{"taxonomy":"post_tag","embeddable":true,"href":"https:\/\/www.liegevelo.de\/index.php?rest_route=%2Fwp%2Fv2%2Ftags&post=1886"}],"curies":[{"name":"wp","href":"https:\/\/api.w.org\/{rel}","templated":true}]}}