{"id":4623,"date":"2026-08-30T08:46:03","date_gmt":"2026-08-30T06:46:03","guid":{"rendered":"https:\/\/www.liegevelo.de\/?p=4623"},"modified":"2026-08-30T08:46:03","modified_gmt":"2026-08-30T06:46:03","slug":"tag-der-offenen-tuer-bei-hp-velotechnik-5-september-2026-10-bis-16-uhr","status":"publish","type":"post","link":"https:\/\/www.liegevelo.de\/?p=4623","title":{"rendered":"Tag der offenen T\u00fcr bei HP VELOTECHNIK: 5. September 2026  10 bis 16 Uhr"},"content":{"rendered":"\n<figure class=\"wp-block-image size-large\"><img loading=\"lazy\" decoding=\"async\" width=\"644\" height=\"483\" src=\"https:\/\/www.liegevelo.de\/wp-content\/uploads\/2017\/07\/P1060054-644x483.jpg\" alt=\"Fanbotschaft im Entwicklungsb\u00fcro bei HP Velotechnik (Bild: Klaus Dapp)\" class=\"wp-image-1251\" srcset=\"https:\/\/www.liegevelo.de\/wp-content\/uploads\/2017\/07\/P1060054-644x483.jpg 644w, https:\/\/www.liegevelo.de\/wp-content\/uploads\/2017\/07\/P1060054-300x225.jpg 300w, https:\/\/www.liegevelo.de\/wp-content\/uploads\/2017\/07\/P1060054-768x576.jpg 768w, https:\/\/www.liegevelo.de\/wp-content\/uploads\/2017\/07\/P1060054-624x468.jpg 624w, https:\/\/www.liegevelo.de\/wp-content\/uploads\/2017\/07\/P1060054.jpg 1024w\" sizes=\"auto, (max-width: 644px) 100vw, 644px\" \/><figcaption class=\"wp-element-caption\">Fanbotschaft im Entwicklungsb\u00fcro bei HP Velotechnik (Bild: Klaus Dapp)<\/figcaption><\/figure>\n\n\n\n<p class=\"wp-block-paragraph\">Am Samstag den 5. September ist es wieder soweit. HP Velotechnik \u00f6ffnet seine &#8211; sicher wie immer super aufger\u00e4utmen und geputzten &#8211; Werkhallen und es gibt wieder ein spannendes Programm:<\/p>\n\n\n\n<ul class=\"wp-block-list\">\n<li>M\u00f6glichkeit f\u00fcr Probefahrten aller Modelle &#8211; mit der M\u00f6glichkeit auch gleich nachzufragen<\/li>\n\n\n\n<li>Bei den Neuheiten steht der Prototyp des kettenlosen Fahrrads im Mittelpunkt<\/li>\n\n\n\n<li>Werksf\u00fchrungen mit Paul Hollants (einem der beiden Gesch\u00e4ftsf\u00fchrer von HP Velotechnk)<\/li>\n\n\n\n<li><a href=\"https:\/\/www.probst-schriner.ch\/pages\/kontakt.php\" target=\"_blank\" rel=\"noreferrer noopener\">Benjamin Probst<\/a> berichtet von seiner Radreise an das Nordkap<\/li>\n\n\n\n<li>Ein besonderer Tipp: Fahrradteile g\u00fcnstig kaufen &#8211; ich habe damit sehr gute Erfahrungen gemacht \ud83d\ude09<\/li>\n\n\n\n<li>ADFC-Codierstand<\/li>\n\n\n\n<li>Programm:Werksf\u00fchrung,Vortrag Nordkap-Reise, Fahrradteile g\u00fcnstig kaufen und ADFC-Codierstand<\/li>\n<\/ul>\n\n\n\n<p class=\"wp-block-paragraph\">Weitere Infos und Anmeldung auf der Homepage von <a href=\"https:\/\/www.hpvelotechnik.com\" target=\"_blank\" rel=\"noreferrer noopener\">HP<\/a>. <\/p>\n\n\n\n<p class=\"wp-block-paragraph\">F\u00fcr die Anreise hilft der <a href=\"https:\/\/radroutenplaner.hessen.de\/\" target=\"_blank\" rel=\"noreferrer noopener\">Radroutenplaner Hessen<\/a> mit der Zieladresse Kapellenstra\u00dfe 49, 65830 Kriftel. Die n\u00e4chsten Bahnh\u00f6fe sind Kriftel (S-Bahn) und Hofheim am Taunus (Regionalbahn).<\/p>\n\n\n\n<p class=\"wp-block-paragraph\">Leider lie\u00df sich ein 70. Geburtstag nicht verschieben, so dass ich dieses Jahr leider nicht nach Kriftel fahren kann &#8230; ich hoffe auf einen Termin im n\u00e4chsten Jahr.<\/p>\n","protected":false},"excerpt":{"rendered":"<p>Am Samstag den 5. September ist es wieder soweit. HP Velotechnik \u00f6ffnet seine &#8211; sicher wie immer super aufger\u00e4utmen und geputzten &#8211; Werkhallen und es gibt wieder ein spannendes Programm: Weitere Infos und Anmeldung auf der Homepage von HP. F\u00fcr die Anreise hilft der Radroutenplaner Hessen mit der Zieladresse Kapellenstra\u00dfe 49, 65830 Kriftel. Die n\u00e4chsten [&hellip;]<\/p>\n","protected":false},"author":1,"featured_media":0,"comment_status":"open","ping_status":"open","sticky":false,"template":"","format":"standard","meta":{"footnotes":""},"categories":[1],"tags":[],"class_list":["post-4623","post","type-post","status-publish","format-standard","hentry","category-allgemein"],"_links":{"self":[{"href":"https:\/\/www.liegevelo.de\/index.php?rest_route=\/wp\/v2\/posts\/4623","targetHints":{"allow":["GET"]}}],"collection":[{"href":"https:\/\/www.liegevelo.de\/index.php?rest_route=\/wp\/v2\/posts"}],"about":[{"href":"https:\/\/www.liegevelo.de\/index.php?rest_route=\/wp\/v2\/types\/post"}],"author":[{"embeddable":true,"href":"https:\/\/www.liegevelo.de\/index.php?rest_route=\/wp\/v2\/users\/1"}],"replies":[{"embeddable":true,"href":"https:\/\/www.liegevelo.de\/index.php?rest_route=%2Fwp%2Fv2%2Fcomments&post=4623"}],"version-history":[{"count":1,"href":"https:\/\/www.liegevelo.de\/index.php?rest_route=\/wp\/v2\/posts\/4623\/revisions"}],"predecessor-version":[{"id":4625,"href":"https:\/\/www.liegevelo.de\/index.php?rest_route=\/wp\/v2\/posts\/4623\/revisions\/4625"}],"wp:attachment":[{"href":"https:\/\/www.liegevelo.de\/index.php?rest_route=%2Fwp%2Fv2%2Fmedia&parent=4623"}],"wp:term":[{"taxonomy":"category","embeddable":true,"href":"https:\/\/www.liegevelo.de\/index.php?rest_route=%2Fwp%2Fv2%2Fcategories&post=4623"},{"taxonomy":"post_tag","embeddable":true,"href":"https:\/\/www.liegevelo.de\/index.php?rest_route=%2Fwp%2Fv2%2Ftags&post=4623"}],"curies":[{"name":"wp","href":"https:\/\/api.w.org\/{rel}","templated":true}]}}